{"id":32638,"date":"2022-01-17T15:53:29","date_gmt":"2022-01-17T14:53:29","guid":{"rendered":"https:\/\/www.prodezza.fr\/lesite\/?p=32638"},"modified":"2022-07-25T14:49:49","modified_gmt":"2022-07-25T12:49:49","slug":"les-etapes-de-conception-dun-stand-ephemere","status":"publish","type":"post","link":"https:\/\/www.prodezza.fr\/lesite\/les-etapes-de-conception-dun-stand-ephemere\/","title":{"rendered":"Les \u00e9tapes de conception d\u2019un stand \u00e9ph\u00e9m\u00e8re."},"content":{"rendered":"<p>[et_pb_section admin_label=\u00a0\u00bbsection\u00a0\u00bb]<br \/>\n\t\t\t[et_pb_row admin_label=\u00a0\u00bbrow\u00a0\u00bb]<br \/>\n\t\t\t\t[et_pb_column type=\u00a0\u00bb4_4&Prime;][et_pb_text admin_label=\u00a0\u00bbText\u00a0\u00bb]<\/p>\n<h1>Les \u00e9tapes de conception d\u2019un stand \u00e9ph\u00e9m\u00e8re.<\/h1>\n<p>Vous avez pour projet de faire la promotion de vos produis ou services en salon, centre commercial ou en ext\u00e9rieur\u00a0? Le stand \u00e9ph\u00e9m\u00e8re est un tr\u00e8s bon moyen pour votre marque d\u2019aller au contact de votre client\u00e8le dans des zones \u00e0 forte affluence.\u00a0 Cela vous permettra d\u2019acqu\u00e9rir de la notori\u00e9t\u00e9 et d\u2019\u00eatre visible par rapport \u00e0 vos concurrents.<\/p>\n<p>Vous souhaitez savoir comment se d\u00e9roule la conception d\u2019un stand \u00e9ph\u00e9m\u00e8re ?<\/p>\n<p>Dans cet article nous allons vous d\u00e9tailler \u00e9tape par \u00e9tape la conception d\u2019un stand \u00e9ph\u00e9m\u00e8re.<\/p>\n<h2>Identification des besoins et cr\u00e9ation du projet en 3D<\/h2>\n<p>Tout commence par un \u00e9change avec le client. Il aura pour objectif<span style=\"text-decoration: line-through;\">s<\/span> d\u2019identifier les besoins du client, le contexte de son projet et les usages sur le terrain. Cet \u00e9change va nous permettre de savoir dans quelle direction nous devons aller, pour le design, le choix des mat\u00e9riaux et de l\u2019habillage.<\/p>\n<p>Apr\u00e8s cet \u00e9change et r\u00e9flexion en interne, nous serons en mesure de proposer au client une mod\u00e9lisation 3D, qui sera la concr\u00e9tisation de notre \u00e9change et la traduction en image de votre projet.<\/p>\n<h2>R\u00e9alisation des plans techniques<\/h2>\n<p>L\u2019\u00e9quipe technique prend ensuite le relais, pour v\u00e9rifier la faisabilit\u00e9 du projet et d\u00e9finir les besoins en mat\u00e9riaux. Nous transformons alors l\u2019image en plans techniques.<\/p>\n<p>Avant de commencer la fabrication du stand, un point est fait avec vous afin de valider ensemble les plans techniques. Ces plans techniques serviront \u00e9galement aux agences cr\u00e9as pour la r\u00e9alisation des fichiers d\u2019impression pour l\u2019habillage du stand.<\/p>\n<h2>Commandes des mat\u00e9riaux<\/h2>\n<p>Apr\u00e8s la validation des plans technique, notre \u00e9quipe technique prend le soin de sourcer les mat\u00e9riaux n\u00e9cessaires pour la fabrication du stand et de calculer les volumes n\u00e9cessaires afin de passer commande aupr\u00e8s des fournisseurs partenaires.<\/p>\n<h2>La fabrication et l\u2019habillage du dispositif<\/h2>\n<p>&nbsp;<\/p>\n<p>La <a href=\"https:\/\/www.prodezza.fr\/lesite\/nos-metiers\/#metiers-fab\">fabrication<\/a> est une \u00e9tape cl\u00e9 de la conception d\u2019un stand, c\u2019est dans les ateliers que se concr\u00e9tisent les id\u00e9es. Les planches sont d\u00e9coup\u00e9es, sci\u00e9es, rabot\u00e9es<span style=\"text-decoration: line-through;\">,<\/span> ponc\u00e9es, en suivant les plans techniques r\u00e9alis\u00e9s en amont. Viens ensuite l\u2019assemblage des mat\u00e9riaux. C\u2019est lors de cette \u00e9tape que les projets 3D prennent vie.<\/p>\n<p>En parall\u00e8le de la fabrication, l\u2019\u00e9quipe projet travaille sur l\u2019habillage des dispositifs avec les imprimeurs partenaires. Le choix des mati\u00e8res s\u00e9lectionn\u00e9es se fait en collaboration avec l\u2019\u00e9quipe technique pour associer les bonnes mati\u00e8res aux bons mat\u00e9riaux choisis en fabrication.<\/p>\n<p>Une fois les fichiers cr\u00e9as r\u00e9ceptionn\u00e9s, les impressions sont lanc\u00e9es et l\u2019habillage du dispositif peut d\u00e9marrer, une fois la fabrication termin\u00e9e.<\/p>\n<h2>Le montage \u00e0 blanc<\/h2>\n<p>Pour chaque dispositif qui part de nos ateliers, nous r\u00e9alisons le montage \u00e0 taille r\u00e9elle du dispositif.\u00a0\u00a0 C\u2019est ce que nous appelons le montage \u00e0 blanc. Soit le montage \u00e0 blanc est r\u00e9alis\u00e9 en pr\u00e9sence du client, qui se d\u00e9place jusqu\u2019\u00e0 notre atelier pour voir son dispositif en r\u00e9el, soit il est r\u00e9alis\u00e9 dans nos ateliers et nous faisons des photos pour partager au client.<\/p>\n<p>Ce montage \u00e0 r\u00e9aliser id\u00e9alement entre 7 \u00e0 10 jours avant le d\u00e9part sur le terrain a pour objectif de pr\u00e9senter le rendu final de ce qui avait \u00e9t\u00e9 imagin\u00e9 en 3D et de r\u00e9aliser les \u00e9ventuels ajustements.<\/p>\n<h2>La logistique<\/h2>\n<p><img decoding=\"async\" class=\"alignnone size-medium wp-image-32458\" src=\"https:\/\/www.prodezza.fr\/lesite\/wp-content\/uploads\/2021\/10\/logisitique-chargement-300x223.jpg\" alt=\"\" width=\"300\" height=\"223\" \/><\/p>\n<h3>Emballage et protection des stands<\/h3>\n<p>Une fois le dispositif valid\u00e9 par vos soins, c\u2019est au tour de l\u2019\u00e9quipe logistique de prendre le relais. En pr\u00e9sence de nos r\u00e9gisseurs terrain qui seront les ambassadeurs de vos marques, le stand est d\u00e9mont\u00e9, charg\u00e9 sur palette et prot\u00e9g\u00e9 pour le transport (couvertures, coins mousse, sangles, film palette)<\/p>\n<h3>Transport et logistique<\/h3>\n<p>Votre stand est maintenant pr\u00eat pour prendre la route, <a href=\"https:\/\/www.linkedin.com\/feed\/update\/urn:li:activity:6876468339787517953\">notre \u00e9quipe de r\u00e9gisseurs<\/a> transporte les stands partout en France en fonction de vos besoins.<\/p>\n<p>Durant toute la dur\u00e9e de vos op\u00e9rations, les \u00e9quipes projets et logistique coordonnent l\u2019ensemble des activations, aussi bien pour l\u2019organisation terrain des r\u00e9gisseurs (r\u00e9servation h\u00e9bergement, roadbook, suivi) que pour la logistique op\u00e9rationnelle (r\u00e9approvisionnement produit, livraison)<\/p>\n<h2>Installation du stand \u00e9ph\u00e9m\u00e8re sur les lieux<\/h2>\n<p>\u00c7a y est votre stand est arriv\u00e9 \u00e0 destination. Que ce soit en magasin, en centre commercial, sur un salon ou en ext\u00e9rieur, notre \u00e9quipe de r\u00e9gisseurs montent et animent vos dispositifs<\/p>\n<p>Experts dans leur domaine, aussi bien technique que commercial, ce sont vos ambassadeurs sur le terrain.<\/p>\n<p>Une fois votre op\u00e9ration de promotion termin\u00e9, quelle est la suite ?<\/p>\n<p>Vous avez la possibilit\u00e9 de faire appel \u00e0 notre service de conciergerie. Ce service vous offre la possibilit\u00e9 de stocker vos dispositifs sur une courte ou longue dur\u00e9e, dans nos entrep\u00f4ts de stockage<span style=\"text-decoration: line-through;\">.\u00a0 <\/span>Et au gr\u00e9 de vos besoins, nous sommes en capacit\u00e9 de repositionner votre dispositif sur le terrain, apr\u00e8s d\u2019\u00e9ventuels travaux de remise en \u00e9tat. Il est \u00e9galement possible de changer les habillages de vos dispositifs pour qu\u2019ils repartent sous d\u2019autres couleurs si besoin.<\/p>\n<p>Telle une conciergerie, nous sommes aux petits soins pour vos dispositifs<\/p>\n<p>&nbsp;[\/et_pb_text][\/et_pb_column]<br \/>\n\t\t\t[\/et_pb_row]<br \/>\n\t\t[\/et_pb_section]<\/p>\n","protected":false},"excerpt":{"rendered":"<p>Les \u00e9tapes de conception d\u2019un stand \u00e9ph\u00e9m\u00e8re. Vous avez pour projet de faire la promotion de vos produis ou services en salon, centre commercial ou en ext\u00e9rieur\u00a0? Le stand \u00e9ph\u00e9m\u00e8re est un tr\u00e8s bon moyen pour votre marque d\u2019aller au contact de votre client\u00e8le dans des zones \u00e0 forte affluence.\u00a0 Cela vous permettra d\u2019acqu\u00e9rir de [&hellip;]<\/p>\n","protected":false},"author":1,"featured_media":32445,"comment_status":"closed","ping_status":"open","sticky":false,"template":"","format":"standard","meta":{"_et_pb_use_builder":"on","_et_pb_old_content":"<h1>Les \u00e9tapes de conception d\u2019un stand \u00e9ph\u00e9m\u00e8re.<\/h1>\r\nVous avez pour projet de faire la promotion de vos produis ou services en salon, centre commercial ou en ext\u00e9rieur\u00a0? Le stand \u00e9ph\u00e9m\u00e8re est un tr\u00e8s bon moyen pour votre marque d\u2019aller au contact de votre client\u00e8le dans des zones \u00e0 forte affluence.\u00a0 Cela vous permettra d\u2019acqu\u00e9rir de la notori\u00e9t\u00e9 et d\u2019\u00eatre visible par rapport \u00e0 vos concurrents.\r\n\r\nVous souhaitez savoir comment se d\u00e9roule la conception d\u2019un stand \u00e9ph\u00e9m\u00e8re ?\r\n\r\nDans cet article nous allons vous d\u00e9tailler \u00e9tape par \u00e9tape la conception d\u2019un stand \u00e9ph\u00e9m\u00e8re.\r\n<h2>Identification des besoins et cr\u00e9ation du projet en 3D<\/h2>\r\nTout commence par un \u00e9change avec le client. Il aura pour objectif<span style=\"text-decoration: line-through;\">s<\/span> d\u2019identifier les besoins du client, le contexte de son projet et les usages sur le terrain. Cet \u00e9change va nous permettre de savoir dans quelle direction nous devons aller, pour le design, le choix des mat\u00e9riaux et de l\u2019habillage.\r\n\r\nApr\u00e8s cet \u00e9change et r\u00e9flexion en interne, nous serons en mesure de proposer au client une mod\u00e9lisation 3D, qui sera la concr\u00e9tisation de notre \u00e9change et la traduction en image de votre projet.\r\n<h2>R\u00e9alisation des plans techniques<\/h2>\r\nL\u2019\u00e9quipe technique prend ensuite le relais, pour v\u00e9rifier la faisabilit\u00e9 du projet et d\u00e9finir les besoins en mat\u00e9riaux. Nous transformons alors l\u2019image en plans techniques.\r\n\r\nAvant de commencer la fabrication du stand, un point est fait avec vous afin de valider ensemble les plans techniques. Ces plans techniques serviront \u00e9galement aux agences cr\u00e9as pour la r\u00e9alisation des fichiers d\u2019impression pour l\u2019habillage du stand.\r\n<h2>Commandes des mat\u00e9riaux<\/h2>\r\nApr\u00e8s la validation des plans technique, notre \u00e9quipe technique prend le soin de sourcer les mat\u00e9riaux n\u00e9cessaires pour la fabrication du stand et de calculer les volumes n\u00e9cessaires afin de passer commande aupr\u00e8s des fournisseurs partenaires.\r\n<h2>La fabrication et l\u2019habillage du dispositif<\/h2>\r\n&nbsp;\r\n\r\nLa <a href=\"https:\/\/www.prodezza.fr\/lesite\/nos-metiers\/#metiers-fab\">fabrication<\/a> est une \u00e9tape cl\u00e9 de la conception d\u2019un stand, c\u2019est dans les ateliers que se concr\u00e9tisent les id\u00e9es. Les planches sont d\u00e9coup\u00e9es, sci\u00e9es, rabot\u00e9es<span style=\"text-decoration: line-through;\">,<\/span> ponc\u00e9es, en suivant les plans techniques r\u00e9alis\u00e9s en amont. Viens ensuite l\u2019assemblage des mat\u00e9riaux. C\u2019est lors de cette \u00e9tape que les projets 3D prennent vie.\r\n\r\nEn parall\u00e8le de la fabrication, l\u2019\u00e9quipe projet travaille sur l\u2019habillage des dispositifs avec les imprimeurs partenaires. Le choix des mati\u00e8res s\u00e9lectionn\u00e9es se fait en collaboration avec l\u2019\u00e9quipe technique pour associer les bonnes mati\u00e8res aux bons mat\u00e9riaux choisis en fabrication.\r\n\r\nUne fois les fichiers cr\u00e9as r\u00e9ceptionn\u00e9s, les impressions sont lanc\u00e9es et l\u2019habillage du dispositif peut d\u00e9marrer, une fois la fabrication termin\u00e9e.\r\n<h2>Le montage \u00e0 blanc<\/h2>\r\nPour chaque dispositif qui part de nos ateliers, nous r\u00e9alisons le montage \u00e0 taille r\u00e9elle du dispositif.\u00a0\u00a0 C\u2019est ce que nous appelons le montage \u00e0 blanc. Soit le montage \u00e0 blanc est r\u00e9alis\u00e9 en pr\u00e9sence du client, qui se d\u00e9place jusqu\u2019\u00e0 notre atelier pour voir son dispositif en r\u00e9el, soit il est r\u00e9alis\u00e9 dans nos ateliers et nous faisons des photos pour partager au client.\r\n\r\nCe montage \u00e0 r\u00e9aliser id\u00e9alement entre 7 \u00e0 10 jours avant le d\u00e9part sur le terrain a pour objectif de pr\u00e9senter le rendu final de ce qui avait \u00e9t\u00e9 imagin\u00e9 en 3D et de r\u00e9aliser les \u00e9ventuels ajustements.\r\n<h2>La logistique<\/h2>\r\n<img class=\"alignnone size-medium wp-image-32458\" src=\"https:\/\/www.prodezza.fr\/lesite\/wp-content\/uploads\/2021\/10\/logisitique-chargement-300x223.jpg\" alt=\"\" width=\"300\" height=\"223\" \/>\r\n<h3>Emballage et protection des stands<\/h3>\r\nUne fois le dispositif valid\u00e9 par vos soins, c\u2019est au tour de l\u2019\u00e9quipe logistique de prendre le relais. En pr\u00e9sence de nos r\u00e9gisseurs terrain qui seront les ambassadeurs de vos marques, le stand est d\u00e9mont\u00e9, charg\u00e9 sur palette et prot\u00e9g\u00e9 pour le transport (couvertures, coins mousse, sangles, film palette)\r\n<h3>Transport et logistique<\/h3>\r\nVotre stand est maintenant pr\u00eat pour prendre la route, <a href=\"https:\/\/www.linkedin.com\/feed\/update\/urn:li:activity:6876468339787517953\">notre \u00e9quipe de r\u00e9gisseurs<\/a> transporte les stands partout en France en fonction de vos besoins.\r\n\r\nDurant toute la dur\u00e9e de vos op\u00e9rations, les \u00e9quipes projets et logistique coordonnent l\u2019ensemble des activations, aussi bien pour l\u2019organisation terrain des r\u00e9gisseurs (r\u00e9servation h\u00e9bergement, roadbook, suivi) que pour la logistique op\u00e9rationnelle (r\u00e9approvisionnement produit, livraison)\r\n<h2>Installation du stand \u00e9ph\u00e9m\u00e8re sur les lieux<\/h2>\r\n\u00c7a y est votre stand est arriv\u00e9 \u00e0 destination. Que ce soit en magasin, en centre commercial, sur un salon ou en ext\u00e9rieur, notre \u00e9quipe de r\u00e9gisseurs montent et animent vos dispositifs\r\n\r\nExperts dans leur domaine, aussi bien technique que commercial, ce sont vos ambassadeurs sur le terrain.\r\n\r\nUne fois votre op\u00e9ration de promotion termin\u00e9, quelle est la suite ?\r\n\r\nVous avez la possibilit\u00e9 de faire appel \u00e0 notre service de conciergerie. Ce service vous offre la possibilit\u00e9 de stocker vos dispositifs sur une courte ou longue dur\u00e9e, dans nos entrep\u00f4ts de stockage<span style=\"text-decoration: line-through;\">.\u00a0 <\/span>Et au gr\u00e9 de vos besoins, nous sommes en capacit\u00e9 de repositionner votre dispositif sur le terrain, apr\u00e8s d\u2019\u00e9ventuels travaux de remise en \u00e9tat. Il est \u00e9galement possible de changer les habillages de vos dispositifs pour qu\u2019ils repartent sous d\u2019autres couleurs si besoin.\r\n\r\nTelle une conciergerie, nous sommes aux petits soins pour vos dispositifs\r\n\r\n&nbsp;","_et_gb_content_width":"","_monsterinsights_skip_tracking":false,"_monsterinsights_sitenote_active":false,"_monsterinsights_sitenote_note":"","_monsterinsights_sitenote_category":0,"footnotes":""},"categories":[1],"tags":[],"class_list":["post-32638","post","type-post","status-publish","format-standard","has-post-thumbnail","hentry","category-non-classe"],"yoast_head":"<!-- This site is optimized with the Yoast SEO plugin v27.5 - https:\/\/yoast.com\/product\/yoast-seo-wordpress\/ -->\n<title>Les \u00e9tapes de conception d\u2019un stand \u00e9ph\u00e9m\u00e8re. - Prodezza<\/title>\n<meta name=\"description\" content=\"Le stand \u00e9ph\u00e9m\u00e8re est un tr\u00e8s bon moyen pour votre marque d\u2019aller au contact de votre client\u00e8le dans des zones \u00e0 forte affluence.\u00a0\" \/>\n<meta name=\"robots\" content=\"index, follow, max-snippet:-1, max-image-preview:large, max-video-preview:-1\" \/>\n<link rel=\"canonical\" href=\"https:\/\/www.prodezza.fr\/lesite\/les-etapes-de-conception-dun-stand-ephemere\/\" \/>\n<meta property=\"og:locale\" content=\"fr_FR\" \/>\n<meta property=\"og:type\" content=\"article\" \/>\n<meta property=\"og:title\" content=\"Les \u00e9tapes de conception d\u2019un stand \u00e9ph\u00e9m\u00e8re. - Prodezza\" \/>\n<meta property=\"og:description\" content=\"Le stand \u00e9ph\u00e9m\u00e8re est un tr\u00e8s bon moyen pour votre marque d\u2019aller au contact de votre client\u00e8le dans des zones \u00e0 forte affluence.\u00a0\" \/>\n<meta property=\"og:url\" content=\"https:\/\/www.prodezza.fr\/lesite\/les-etapes-de-conception-dun-stand-ephemere\/\" \/>\n<meta property=\"og:site_name\" content=\"Prodezza\" \/>\n<meta property=\"article:published_time\" content=\"2022-01-17T14:53:29+00:00\" \/>\n<meta property=\"article:modified_time\" content=\"2022-07-25T12:49:49+00:00\" \/>\n<meta property=\"og:image\" content=\"https:\/\/www.prodezza.fr\/lesite\/wp-content\/uploads\/2021\/10\/fabrication-1.jpg\" \/>\n\t<meta property=\"og:image:width\" content=\"1024\" \/>\n\t<meta property=\"og:image:height\" content=\"760\" \/>\n\t<meta property=\"og:image:type\" content=\"image\/jpeg\" \/>\n<meta name=\"author\" content=\"webmasterfg\" \/>\n<meta name=\"twitter:card\" content=\"summary_large_image\" \/>\n<meta name=\"twitter:label1\" content=\"\u00c9crit par\" \/>\n\t<meta name=\"twitter:data1\" content=\"webmasterfg\" \/>\n\t<meta name=\"twitter:label2\" content=\"Dur\u00e9e de lecture estim\u00e9e\" \/>\n\t<meta name=\"twitter:data2\" content=\"5 minutes\" \/>\n<script type=\"application\/ld+json\" class=\"yoast-schema-graph\">{\"@context\":\"https:\\\/\\\/schema.org\",\"@graph\":[{\"@type\":\"Article\",\"@id\":\"https:\\\/\\\/www.prodezza.fr\\\/lesite\\\/les-etapes-de-conception-dun-stand-ephemere\\\/#article\",\"isPartOf\":{\"@id\":\"https:\\\/\\\/www.prodezza.fr\\\/lesite\\\/les-etapes-de-conception-dun-stand-ephemere\\\/\"},\"author\":{\"name\":\"webmasterfg\",\"@id\":\"https:\\\/\\\/www.prodezza.fr\\\/lesite\\\/#\\\/schema\\\/person\\\/4728d91835ff8a9bac2936cb78f2b8c1\"},\"headline\":\"Les \u00e9tapes de conception d\u2019un stand \u00e9ph\u00e9m\u00e8re.\",\"datePublished\":\"2022-01-17T14:53:29+00:00\",\"dateModified\":\"2022-07-25T12:49:49+00:00\",\"mainEntityOfPage\":{\"@id\":\"https:\\\/\\\/www.prodezza.fr\\\/lesite\\\/les-etapes-de-conception-dun-stand-ephemere\\\/\"},\"wordCount\":936,\"image\":{\"@id\":\"https:\\\/\\\/www.prodezza.fr\\\/lesite\\\/les-etapes-de-conception-dun-stand-ephemere\\\/#primaryimage\"},\"thumbnailUrl\":\"https:\\\/\\\/www.prodezza.fr\\\/lesite\\\/wp-content\\\/uploads\\\/2021\\\/10\\\/fabrication-1.jpg\",\"articleSection\":[\"Actualit\u00e9 g\u00e9n\u00e9rale\"],\"inLanguage\":\"fr-FR\"},{\"@type\":\"WebPage\",\"@id\":\"https:\\\/\\\/www.prodezza.fr\\\/lesite\\\/les-etapes-de-conception-dun-stand-ephemere\\\/\",\"url\":\"https:\\\/\\\/www.prodezza.fr\\\/lesite\\\/les-etapes-de-conception-dun-stand-ephemere\\\/\",\"name\":\"Les \u00e9tapes de conception d\u2019un stand \u00e9ph\u00e9m\u00e8re. - Prodezza\",\"isPartOf\":{\"@id\":\"https:\\\/\\\/www.prodezza.fr\\\/lesite\\\/#website\"},\"primaryImageOfPage\":{\"@id\":\"https:\\\/\\\/www.prodezza.fr\\\/lesite\\\/les-etapes-de-conception-dun-stand-ephemere\\\/#primaryimage\"},\"image\":{\"@id\":\"https:\\\/\\\/www.prodezza.fr\\\/lesite\\\/les-etapes-de-conception-dun-stand-ephemere\\\/#primaryimage\"},\"thumbnailUrl\":\"https:\\\/\\\/www.prodezza.fr\\\/lesite\\\/wp-content\\\/uploads\\\/2021\\\/10\\\/fabrication-1.jpg\",\"datePublished\":\"2022-01-17T14:53:29+00:00\",\"dateModified\":\"2022-07-25T12:49:49+00:00\",\"author\":{\"@id\":\"https:\\\/\\\/www.prodezza.fr\\\/lesite\\\/#\\\/schema\\\/person\\\/4728d91835ff8a9bac2936cb78f2b8c1\"},\"description\":\"Le stand \u00e9ph\u00e9m\u00e8re est un tr\u00e8s bon moyen pour votre marque d\u2019aller au contact de votre client\u00e8le dans des zones \u00e0 forte affluence.\u00a0\",\"breadcrumb\":{\"@id\":\"https:\\\/\\\/www.prodezza.fr\\\/lesite\\\/les-etapes-de-conception-dun-stand-ephemere\\\/#breadcrumb\"},\"inLanguage\":\"fr-FR\",\"potentialAction\":[{\"@type\":\"ReadAction\",\"target\":[\"https:\\\/\\\/www.prodezza.fr\\\/lesite\\\/les-etapes-de-conception-dun-stand-ephemere\\\/\"]}]},{\"@type\":\"ImageObject\",\"inLanguage\":\"fr-FR\",\"@id\":\"https:\\\/\\\/www.prodezza.fr\\\/lesite\\\/les-etapes-de-conception-dun-stand-ephemere\\\/#primaryimage\",\"url\":\"https:\\\/\\\/www.prodezza.fr\\\/lesite\\\/wp-content\\\/uploads\\\/2021\\\/10\\\/fabrication-1.jpg\",\"contentUrl\":\"https:\\\/\\\/www.prodezza.fr\\\/lesite\\\/wp-content\\\/uploads\\\/2021\\\/10\\\/fabrication-1.jpg\",\"width\":1024,\"height\":760,\"caption\":\"fabrication stand\"},{\"@type\":\"BreadcrumbList\",\"@id\":\"https:\\\/\\\/www.prodezza.fr\\\/lesite\\\/les-etapes-de-conception-dun-stand-ephemere\\\/#breadcrumb\",\"itemListElement\":[{\"@type\":\"ListItem\",\"position\":1,\"name\":\"Accueil\",\"item\":\"https:\\\/\\\/www.prodezza.fr\\\/lesite\\\/\"},{\"@type\":\"ListItem\",\"position\":2,\"name\":\"Les \u00e9tapes de conception d\u2019un stand \u00e9ph\u00e9m\u00e8re.\"}]},{\"@type\":\"WebSite\",\"@id\":\"https:\\\/\\\/www.prodezza.fr\\\/lesite\\\/#website\",\"url\":\"https:\\\/\\\/www.prodezza.fr\\\/lesite\\\/\",\"name\":\"Prodezza\",\"description\":\"Conception, fabrication, logistique &amp; r\u00e9gie \u00e9v\u00e9nementielle\",\"potentialAction\":[{\"@type\":\"SearchAction\",\"target\":{\"@type\":\"EntryPoint\",\"urlTemplate\":\"https:\\\/\\\/www.prodezza.fr\\\/lesite\\\/?s={search_term_string}\"},\"query-input\":{\"@type\":\"PropertyValueSpecification\",\"valueRequired\":true,\"valueName\":\"search_term_string\"}}],\"inLanguage\":\"fr-FR\"},{\"@type\":\"Person\",\"@id\":\"https:\\\/\\\/www.prodezza.fr\\\/lesite\\\/#\\\/schema\\\/person\\\/4728d91835ff8a9bac2936cb78f2b8c1\",\"name\":\"webmasterfg\",\"image\":{\"@type\":\"ImageObject\",\"inLanguage\":\"fr-FR\",\"@id\":\"https:\\\/\\\/secure.gravatar.com\\\/avatar\\\/19dc849b869d854852fd8584632c821cd89c38a569c18c3fd6aec6cf0f6448ed?s=96&d=mm&r=g\",\"url\":\"https:\\\/\\\/secure.gravatar.com\\\/avatar\\\/19dc849b869d854852fd8584632c821cd89c38a569c18c3fd6aec6cf0f6448ed?s=96&d=mm&r=g\",\"contentUrl\":\"https:\\\/\\\/secure.gravatar.com\\\/avatar\\\/19dc849b869d854852fd8584632c821cd89c38a569c18c3fd6aec6cf0f6448ed?s=96&d=mm&r=g\",\"caption\":\"webmasterfg\"},\"url\":\"https:\\\/\\\/www.prodezza.fr\\\/lesite\"}]}<\/script>\n<!-- \/ Yoast SEO plugin. -->","yoast_head_json":{"title":"Les \u00e9tapes de conception d\u2019un stand \u00e9ph\u00e9m\u00e8re. - Prodezza","description":"Le stand \u00e9ph\u00e9m\u00e8re est un tr\u00e8s bon moyen pour votre marque d\u2019aller au contact de votre client\u00e8le dans des zones \u00e0 forte affluence.\u00a0","robots":{"index":"index","follow":"follow","max-snippet":"max-snippet:-1","max-image-preview":"max-image-preview:large","max-video-preview":"max-video-preview:-1"},"canonical":"https:\/\/www.prodezza.fr\/lesite\/les-etapes-de-conception-dun-stand-ephemere\/","og_locale":"fr_FR","og_type":"article","og_title":"Les \u00e9tapes de conception d\u2019un stand \u00e9ph\u00e9m\u00e8re. - Prodezza","og_description":"Le stand \u00e9ph\u00e9m\u00e8re est un tr\u00e8s bon moyen pour votre marque d\u2019aller au contact de votre client\u00e8le dans des zones \u00e0 forte affluence.\u00a0","og_url":"https:\/\/www.prodezza.fr\/lesite\/les-etapes-de-conception-dun-stand-ephemere\/","og_site_name":"Prodezza","article_published_time":"2022-01-17T14:53:29+00:00","article_modified_time":"2022-07-25T12:49:49+00:00","og_image":[{"width":1024,"height":760,"url":"https:\/\/www.prodezza.fr\/lesite\/wp-content\/uploads\/2021\/10\/fabrication-1.jpg","type":"image\/jpeg"}],"author":"webmasterfg","twitter_card":"summary_large_image","twitter_misc":{"\u00c9crit par":"webmasterfg","Dur\u00e9e de lecture estim\u00e9e":"5 minutes"},"schema":{"@context":"https:\/\/schema.org","@graph":[{"@type":"Article","@id":"https:\/\/www.prodezza.fr\/lesite\/les-etapes-de-conception-dun-stand-ephemere\/#article","isPartOf":{"@id":"https:\/\/www.prodezza.fr\/lesite\/les-etapes-de-conception-dun-stand-ephemere\/"},"author":{"name":"webmasterfg","@id":"https:\/\/www.prodezza.fr\/lesite\/#\/schema\/person\/4728d91835ff8a9bac2936cb78f2b8c1"},"headline":"Les \u00e9tapes de conception d\u2019un stand \u00e9ph\u00e9m\u00e8re.","datePublished":"2022-01-17T14:53:29+00:00","dateModified":"2022-07-25T12:49:49+00:00","mainEntityOfPage":{"@id":"https:\/\/www.prodezza.fr\/lesite\/les-etapes-de-conception-dun-stand-ephemere\/"},"wordCount":936,"image":{"@id":"https:\/\/www.prodezza.fr\/lesite\/les-etapes-de-conception-dun-stand-ephemere\/#primaryimage"},"thumbnailUrl":"https:\/\/www.prodezza.fr\/lesite\/wp-content\/uploads\/2021\/10\/fabrication-1.jpg","articleSection":["Actualit\u00e9 g\u00e9n\u00e9rale"],"inLanguage":"fr-FR"},{"@type":"WebPage","@id":"https:\/\/www.prodezza.fr\/lesite\/les-etapes-de-conception-dun-stand-ephemere\/","url":"https:\/\/www.prodezza.fr\/lesite\/les-etapes-de-conception-dun-stand-ephemere\/","name":"Les \u00e9tapes de conception d\u2019un stand \u00e9ph\u00e9m\u00e8re. - Prodezza","isPartOf":{"@id":"https:\/\/www.prodezza.fr\/lesite\/#website"},"primaryImageOfPage":{"@id":"https:\/\/www.prodezza.fr\/lesite\/les-etapes-de-conception-dun-stand-ephemere\/#primaryimage"},"image":{"@id":"https:\/\/www.prodezza.fr\/lesite\/les-etapes-de-conception-dun-stand-ephemere\/#primaryimage"},"thumbnailUrl":"https:\/\/www.prodezza.fr\/lesite\/wp-content\/uploads\/2021\/10\/fabrication-1.jpg","datePublished":"2022-01-17T14:53:29+00:00","dateModified":"2022-07-25T12:49:49+00:00","author":{"@id":"https:\/\/www.prodezza.fr\/lesite\/#\/schema\/person\/4728d91835ff8a9bac2936cb78f2b8c1"},"description":"Le stand \u00e9ph\u00e9m\u00e8re est un tr\u00e8s bon moyen pour votre marque d\u2019aller au contact de votre client\u00e8le dans des zones \u00e0 forte affluence.\u00a0","breadcrumb":{"@id":"https:\/\/www.prodezza.fr\/lesite\/les-etapes-de-conception-dun-stand-ephemere\/#breadcrumb"},"inLanguage":"fr-FR","potentialAction":[{"@type":"ReadAction","target":["https:\/\/www.prodezza.fr\/lesite\/les-etapes-de-conception-dun-stand-ephemere\/"]}]},{"@type":"ImageObject","inLanguage":"fr-FR","@id":"https:\/\/www.prodezza.fr\/lesite\/les-etapes-de-conception-dun-stand-ephemere\/#primaryimage","url":"https:\/\/www.prodezza.fr\/lesite\/wp-content\/uploads\/2021\/10\/fabrication-1.jpg","contentUrl":"https:\/\/www.prodezza.fr\/lesite\/wp-content\/uploads\/2021\/10\/fabrication-1.jpg","width":1024,"height":760,"caption":"fabrication stand"},{"@type":"BreadcrumbList","@id":"https:\/\/www.prodezza.fr\/lesite\/les-etapes-de-conception-dun-stand-ephemere\/#breadcrumb","itemListElement":[{"@type":"ListItem","position":1,"name":"Accueil","item":"https:\/\/www.prodezza.fr\/lesite\/"},{"@type":"ListItem","position":2,"name":"Les \u00e9tapes de conception d\u2019un stand \u00e9ph\u00e9m\u00e8re."}]},{"@type":"WebSite","@id":"https:\/\/www.prodezza.fr\/lesite\/#website","url":"https:\/\/www.prodezza.fr\/lesite\/","name":"Prodezza","description":"Conception, fabrication, logistique &amp; r\u00e9gie \u00e9v\u00e9nementielle","potentialAction":[{"@type":"SearchAction","target":{"@type":"EntryPoint","urlTemplate":"https:\/\/www.prodezza.fr\/lesite\/?s={search_term_string}"},"query-input":{"@type":"PropertyValueSpecification","valueRequired":true,"valueName":"search_term_string"}}],"inLanguage":"fr-FR"},{"@type":"Person","@id":"https:\/\/www.prodezza.fr\/lesite\/#\/schema\/person\/4728d91835ff8a9bac2936cb78f2b8c1","name":"webmasterfg","image":{"@type":"ImageObject","inLanguage":"fr-FR","@id":"https:\/\/secure.gravatar.com\/avatar\/19dc849b869d854852fd8584632c821cd89c38a569c18c3fd6aec6cf0f6448ed?s=96&d=mm&r=g","url":"https:\/\/secure.gravatar.com\/avatar\/19dc849b869d854852fd8584632c821cd89c38a569c18c3fd6aec6cf0f6448ed?s=96&d=mm&r=g","contentUrl":"https:\/\/secure.gravatar.com\/avatar\/19dc849b869d854852fd8584632c821cd89c38a569c18c3fd6aec6cf0f6448ed?s=96&d=mm&r=g","caption":"webmasterfg"},"url":"https:\/\/www.prodezza.fr\/lesite"}]}},"_links":{"self":[{"href":"https:\/\/www.prodezza.fr\/lesite\/wp-json\/wp\/v2\/posts\/32638","targetHints":{"allow":["GET"]}}],"collection":[{"href":"https:\/\/www.prodezza.fr\/lesite\/wp-json\/wp\/v2\/posts"}],"about":[{"href":"https:\/\/www.prodezza.fr\/lesite\/wp-json\/wp\/v2\/types\/post"}],"author":[{"embeddable":true,"href":"https:\/\/www.prodezza.fr\/lesite\/wp-json\/wp\/v2\/users\/1"}],"replies":[{"embeddable":true,"href":"https:\/\/www.prodezza.fr\/lesite\/wp-json\/wp\/v2\/comments?post=32638"}],"version-history":[{"count":2,"href":"https:\/\/www.prodezza.fr\/lesite\/wp-json\/wp\/v2\/posts\/32638\/revisions"}],"predecessor-version":[{"id":33747,"href":"https:\/\/www.prodezza.fr\/lesite\/wp-json\/wp\/v2\/posts\/32638\/revisions\/33747"}],"wp:featuredmedia":[{"embeddable":true,"href":"https:\/\/www.prodezza.fr\/lesite\/wp-json\/wp\/v2\/media\/32445"}],"wp:attachment":[{"href":"https:\/\/www.prodezza.fr\/lesite\/wp-json\/wp\/v2\/media?parent=32638"}],"wp:term":[{"taxonomy":"category","embeddable":true,"href":"https:\/\/www.prodezza.fr\/lesite\/wp-json\/wp\/v2\/categories?post=32638"},{"taxonomy":"post_tag","embeddable":true,"href":"https:\/\/www.prodezza.fr\/lesite\/wp-json\/wp\/v2\/tags?post=32638"}],"curies":[{"name":"wp","href":"https:\/\/api.w.org\/{rel}","templated":true}]}}